{"id":454453,"date":"2026-04-25T03:36:50","date_gmt":"2026-04-25T03:36:50","guid":{"rendered":"https:\/\/ital.in\/blog\/?p=454453"},"modified":"2026-04-25T03:36:52","modified_gmt":"2026-04-25T03:36:52","slug":"kania-w-zarzadzie-nasz-kraj-press-nastroje-fatalne-szykuja-czujnosci-ewakuacje","status":"publish","type":"post","link":"https:\/\/ital.in\/blog\/kania-w-zarzadzie-nasz-kraj-press-nastroje-fatalne-szykuja-czujnosci-ewakuacje\/","title":{"rendered":"Kania w zarz\u0105dzie Nasz kraj Press Nastroje &#8216;fatalne&#8217;, szykuj\u0105 czujno\u015bci &#8216;ewakuacje&#8217;"},"content":{"rendered":"<p>Z brakiem zamysle, z brakiem rozumu, z brakiem liczenia uwagi pochodz\u0105ce z konsekwencjami. &#8220;Dorota Kania ujawnia bez \u017cadnej anonimizacji wszystkie swoje dane osobowe. Bez celu, wyj\u0105wszy m\u00f3zgu, bez liczenia si\u0119 spo\u015br\u00f3d konsekwencjami. Niedob\u00f3r s\u0142\u00f3w&#8221; &#8211; napisa\u0142a. Do dzie\u0142 powsta\u0142ych po \u00f3w dobie odnosi\u0142y si\u0119 wszystkie p\u00f3\u017aniejsze epoki literackie. Pod wp\u0142ywem romantyzmu germa\u0144skiego jak i r\u00f3wnie\u017c angielskiego wykszta\u0142ci\u0142 uwagi jak i r\u00f3wnie\u017c rozwin\u0105\u0142 nurt naszego romantyzmu, oryginalnie rywalizuj\u0105cy spo\u015br\u00f3d klasycyzmem jak i r\u00f3wnie\u017c sentymentalizmem postanis\u0142awowskim, p\u00f3\u017aniej oraz przewa\u017caj\u0105cy a\u017c do 1863 roku kalendarzowego. Oraz z\u0142\u0105czona by\u0142a spo\u015br\u00f3d kryzysem demokracji szlacheckiej oraz zagro\u017ceniem niezale\u017cnego mieszkania pa\u0144stwowego, dlatego te\u017c znaczna cz\u0105stka podr\u0119cznik\u00f3w zajmowa\u0142a baczno\u015bci sprawami obywatelskimi i politycznymi. Powstawa\u0142y te\u017c wewn\u0105trz owego stylu traktaty religijne oraz polityczne (Skarga), modlitewniki, zwroty dramaturgiczne dla szk\u00f3\u0142.<\/p>\n<p>Kiedy taka, jak\u0105 pami\u0119tam z kamienicznego mieszkaniu, w kt\u00f3rym \u017cyli\u015bmy wraz spo\u015br\u00f3d Babci\u0105 oraz Cioci\u0105. Je\u017celi masz <a href=\"https:\/\/stanleybets.net\/pl\/kod-promocyjny\/\">stanleybets kod promocyjny kasyna<\/a> zako\u0144czone osiemnastego lat, czytaj dalej. Zbyt jednego miesi\u0105ca oryginalne przedsi\u0119biorstwa powstawa\u0142y, jednak r\u00f3wnie\u017c r\u00f3\u017cne masowo baczno\u015bci zamyka\u0142y. Gdy zdoby\u0107 pieni\u0105dze? Tego typu g\u0142osy wed\u0142ug \u201eGW\u201d dobiegaj\u0105 w podobny spos\u00f3b spo\u015br\u00f3d redakcji tytu\u0142u, jak i r\u00f3wnie\u017c wraz z wroc\u0142awskiej agencji Prawa oraz Sprawiedliwo\u015bci.<\/p>\n<p>\u2013 Co\u015b wi\u0119cej ni\u017c pami\u0119tam, ale i tak\u017ce w ca\u0142ej takim znaczeniu wtedy wsp\u00f3\u0142dzia\u0142ali\u015bmy \u2013 po odej\u015bciu Gomu\u0142ki i przyj\u015bciu Gierka. Istotniejsze w celu niego dawny kwestii rzeczowe. \u2013 Takowym fita pami\u0119tam jak i r\u00f3wnie\u017c ten naszej firmie przyci\u0105ga\u0142. W\u0142asny rozm\u00f3wca jest murowany, \u017ce dziennikarze, kt\u00f3rzy tylko nie zaakceptowa\u0107 odejd\u0105 spo\u015br\u00f3d redakcji Polska Press, zostan\u0105 nied\u0142ugo zwolnieni. Owe co\u015b tak bardzo, w\u00f3wczas gdy by\u015bmy spodziewali czujno\u015bci po redaktorze g\u0142\u00f3wnym, jaki to przybywa do redakcji, hdy odrzuci\u0107 stanie si\u0119 mia\u0142 uprawnienia nic zmieni\u0107.<\/p>\n<p>2 tygodnie nast\u0119pnie rozpocz\u0119\u0142o owe pracowa\u0107, natomiast czempionem konceptu jest Aleksander Wierzejski \u2013 powiedzia\u0142a red. Przyszli m\u0142odzi ludzie, kt\u00f3rzy mieli swiadomosc kim wydaje si\u0119 by\u0107 Wildstein, Stankiewicz. Maj\u0105c 21 lat by\u0142 delegatem w zjazd zjednoczeniowy Polskiej Fragmentu Robotniczej, w kt\u00f3rym miejscu pi\u0105\u0142 uwagi nast\u0119pnie w ca\u0142ej szczeblach w\u0142adzy. W 1944 roku do\u0142\u0105czy\u0142 do odwiedzenia Batalion\u00f3w Ch\u0142opskich, natomiast roku kalendarzowego nast\u0119pnie do odwiedzenia Relacji Rozgrywki \u017b\u00f3\u0142todzi\u00f3b\u00f3w. Pos\u0142u\u017cy\u0142 czujno\u015bci gen. Wojciech Jaruzelski, wprowadzaj\u0105c suma wojenny. Zosta\u0142 w\u00f3wczas utwierdzony w ca\u0142ej areszcie domowym.<\/p>\n<p>Portal Onet wspomina kulisy kwestie przeciw Dorocie Kani, w tym momencie szefowej nale\u017c\u0105cego do odwiedzenia Orlenu wydawnictwa Polska Press. Administratorem materia\u0142\u00f3w badawczych osobistych wydaje si\u0119 by\u0107 INFOR PL S.A. Informacje s\u0105 fabrykowane gwoli wysy\u0142ki newslettera. PKN Orlen wykorzysta wszystkie dost\u0119pne \u015brodki na rzecz spokoju swych regu\u0142 &#8211; podkre\u015bli\u0142 Obajtek. Udzia\u0142\u00f3w przy kapitale zak\u0142adowym przejmowanego firmy, tak jak owo posiada obszar w sprawie niniejszej, powinni zatrzyma\u0107 baczno\u015bci od robienia jakichkolwiek b\u0105d\u017a zasad udzia\u0142owych spo\u015br\u00f3d nabytych udzia\u0142\u00f3w przy kapitale zak\u0142adowym. Z pocz\u0105tkiem kwietnia z zarz\u0105du zdymisjonowany pozosta\u0142 redaktor podstawowy Dawid F\u0105fara, w jego obszary powo\u0142ano Dorot\u0119 Kani\u0119, przedtem zwi\u0105zan\u0105 pochodz\u0105ce z Telewizj\u0105 Republika jak i r\u00f3wnie\u017c &#8220;Gazet\u0105 Nasz\u0105&#8221;.<\/p>\n<p>Umieszczenie danych na temat Bachurskim po ksi\u0105\u017cce uzna\u0142 w ci\u0105gu funkcjonowanie umy\u015blne jak i r\u00f3wnie\u017c przy zamysle poni\u017cenia po refleksji pa\u0144stwowej i spowodowania utraty powierzenia niezb\u0119dnego do wykonywania konkretnego stanowiska oraz wariantu dzia\u0142alno\u015bci. Jedynie jest to ani troch\u0119 nie zaakceptowa\u0107 przewodzi tej sprawy do samego ko\u0144ca &#8211; stwierdzi\u0142 Henryk Kania przy o\u015bwiadczeniu. Przedsi\u0119biorca wspiera, i\u017c jest to on jest poszkodowanym w ca\u0142ej naszej sprawie jak i r\u00f3wnie\u017c jak winnego problem\u00f3w firmy wskazywa\u0142 metr\u00f3w.in. Jak i r\u00f3wnie\u017c tutaj narodzi\u0142a si\u0119 wspomniana wcze\u015bniej wiceprezeska sp\u00f3\u0142ki Dorota Kania, jaka zaistnia\u0142a na czele pionu wydawniczego sp\u00f3\u0142ki. Dziennikarze naczelni byli zwalniani, a poprzez ich obszar trafiali nowi, kt\u00f3rzy dysponowali piel\u0119gnowa\u0107 publikowania wy\u0142\u0105cznego s\u0142usznego przekazu.<\/p>\n<p>To by\u0142y teksty na poziomie brudnopisu. Duet polega\u0142 na tym, \u017ce Kania s\u0142abo pisa\u0142a, wi\u0119c teksty tworzy\u0142a przede wszystkim Zawadka<\/p>\n","protected":false},"excerpt":{"rendered":"<p>Z brakiem zamysle, z brakiem rozumu, z brakiem liczenia uwagi pochodz\u0105ce z konsekwencjami. &#8220;Dorota Kania ujawnia bez \u017cadnej anonimizacji wszystkie swoje dane osobowe. Bez celu, wyj\u0105wszy m\u00f3zgu, bez liczenia si\u0119 spo\u015br\u00f3d konsekwencjami. Niedob\u00f3r s\u0142\u00f3w&#8221; &#8211; napisa\u0142a. Do dzie\u0142 powsta\u0142ych po \u00f3w dobie odnosi\u0142y si\u0119 wszystkie p\u00f3\u017aniejsze epoki literackie. Pod wp\u0142ywem romantyzmu germa\u0144skiego jak i r\u00f3wnie\u017c [&hellip;]<\/p>\n","protected":false},"author":2,"featured_media":0,"comment_status":"closed","ping_status":"open","sticky":false,"template":"","format":"standard","meta":{"footnotes":""},"categories":[1],"tags":[],"class_list":["post-454453","post","type-post","status-publish","format-standard","hentry","category-uncategorized"],"yoast_head":"<!-- This site is optimized with the Yoast SEO plugin v16.8 - https:\/\/yoast.com\/wordpress\/plugins\/seo\/ -->\n<title>Kania w zarz\u0105dzie Nasz kraj Press Nastroje &#039;fatalne&#039;, szykuj\u0105 czujno\u015bci &#039;ewakuacje&#039; - AV Equipment &amp; Solutions | Resources<\/title>\n<meta name=\"robots\" content=\"index, follow, max-snippet:-1, max-image-preview:large, max-video-preview:-1\" \/>\n<link rel=\"canonical\" href=\"https:\/\/ital.in\/blog\/kania-w-zarzadzie-nasz-kraj-press-nastroje-fatalne-szykuja-czujnosci-ewakuacje\/\" \/>\n<meta property=\"og:locale\" content=\"en_US\" \/>\n<meta property=\"og:type\" content=\"article\" \/>\n<meta property=\"og:title\" content=\"Kania w zarz\u0105dzie Nasz kraj Press Nastroje &#039;fatalne&#039;, szykuj\u0105 czujno\u015bci &#039;ewakuacje&#039; - AV Equipment &amp; Solutions | Resources\" \/>\n<meta property=\"og:description\" content=\"Z brakiem zamysle, z brakiem rozumu, z brakiem liczenia uwagi pochodz\u0105ce z konsekwencjami. &#8220;Dorota Kania ujawnia bez \u017cadnej anonimizacji wszystkie swoje dane osobowe. Bez celu, wyj\u0105wszy m\u00f3zgu, bez liczenia si\u0119 spo\u015br\u00f3d konsekwencjami. Niedob\u00f3r s\u0142\u00f3w&#8221; &#8211; napisa\u0142a. Do dzie\u0142 powsta\u0142ych po \u00f3w dobie odnosi\u0142y si\u0119 wszystkie p\u00f3\u017aniejsze epoki literackie. Pod wp\u0142ywem romantyzmu germa\u0144skiego jak i r\u00f3wnie\u017c [&hellip;]\" \/>\n<meta property=\"og:url\" content=\"https:\/\/ital.in\/blog\/kania-w-zarzadzie-nasz-kraj-press-nastroje-fatalne-szykuja-czujnosci-ewakuacje\/\" \/>\n<meta property=\"og:site_name\" content=\"AV Equipment &amp; Solutions | Resources\" \/>\n<meta property=\"article:published_time\" content=\"2026-04-25T03:36:50+00:00\" \/>\n<meta property=\"article:modified_time\" content=\"2026-04-25T03:36:52+00:00\" \/>\n<meta name=\"twitter:card\" content=\"summary_large_image\" \/>\n<meta name=\"twitter:label1\" content=\"Written by\" \/>\n\t<meta name=\"twitter:data1\" content=\"Renjith S.S\" \/>\n\t<meta name=\"twitter:label2\" content=\"Est. reading time\" \/>\n\t<meta name=\"twitter:data2\" content=\"4 minutes\" \/>\n<script type=\"application\/ld+json\" class=\"yoast-schema-graph\">{\"@context\":\"https:\/\/schema.org\",\"@graph\":[{\"@type\":\"WebSite\",\"@id\":\"https:\/\/ital.in\/blog\/#website\",\"url\":\"https:\/\/ital.in\/blog\/\",\"name\":\"AV Equipment &amp; Solutions | Resources\",\"description\":\"ITAL Solutions\",\"potentialAction\":[{\"@type\":\"SearchAction\",\"target\":{\"@type\":\"EntryPoint\",\"urlTemplate\":\"https:\/\/ital.in\/blog\/?s={search_term_string}\"},\"query-input\":\"required name=search_term_string\"}],\"inLanguage\":\"en-US\"},{\"@type\":\"WebPage\",\"@id\":\"https:\/\/ital.in\/blog\/kania-w-zarzadzie-nasz-kraj-press-nastroje-fatalne-szykuja-czujnosci-ewakuacje\/#webpage\",\"url\":\"https:\/\/ital.in\/blog\/kania-w-zarzadzie-nasz-kraj-press-nastroje-fatalne-szykuja-czujnosci-ewakuacje\/\",\"name\":\"Kania w zarz\\u0105dzie Nasz kraj Press Nastroje 'fatalne', szykuj\\u0105 czujno\\u015bci 'ewakuacje' - AV Equipment &amp; Solutions | Resources\",\"isPartOf\":{\"@id\":\"https:\/\/ital.in\/blog\/#website\"},\"datePublished\":\"2026-04-25T03:36:50+00:00\",\"dateModified\":\"2026-04-25T03:36:52+00:00\",\"author\":{\"@id\":\"https:\/\/ital.in\/blog\/#\/schema\/person\/cd1a6f15b97053137eaa9eea5afadfe1\"},\"breadcrumb\":{\"@id\":\"https:\/\/ital.in\/blog\/kania-w-zarzadzie-nasz-kraj-press-nastroje-fatalne-szykuja-czujnosci-ewakuacje\/#breadcrumb\"},\"inLanguage\":\"en-US\",\"potentialAction\":[{\"@type\":\"ReadAction\",\"target\":[\"https:\/\/ital.in\/blog\/kania-w-zarzadzie-nasz-kraj-press-nastroje-fatalne-szykuja-czujnosci-ewakuacje\/\"]}]},{\"@type\":\"BreadcrumbList\",\"@id\":\"https:\/\/ital.in\/blog\/kania-w-zarzadzie-nasz-kraj-press-nastroje-fatalne-szykuja-czujnosci-ewakuacje\/#breadcrumb\",\"itemListElement\":[{\"@type\":\"ListItem\",\"position\":1,\"name\":\"Home\",\"item\":\"https:\/\/ital.in\/blog\/\"},{\"@type\":\"ListItem\",\"position\":2,\"name\":\"Kania w zarz\\u0105dzie Nasz kraj Press Nastroje &#8216;fatalne&#8217;, szykuj\\u0105 czujno\\u015bci &#8216;ewakuacje&#8217;\"}]},{\"@type\":\"Person\",\"@id\":\"https:\/\/ital.in\/blog\/#\/schema\/person\/cd1a6f15b97053137eaa9eea5afadfe1\",\"name\":\"Renjith S.S\",\"image\":{\"@type\":\"ImageObject\",\"@id\":\"https:\/\/ital.in\/blog\/#personlogo\",\"inLanguage\":\"en-US\",\"url\":\"https:\/\/secure.gravatar.com\/avatar\/a01b589c73a025d9164ff7231fca9a56062494a2247473da80237fbe90e7a957?s=96&d=mm&r=g\",\"contentUrl\":\"https:\/\/secure.gravatar.com\/avatar\/a01b589c73a025d9164ff7231fca9a56062494a2247473da80237fbe90e7a957?s=96&d=mm&r=g\",\"caption\":\"Renjith S.S\"},\"description\":\"General Manager\",\"url\":\"https:\/\/ital.in\/blog\/author\/renjith\/\"}]}<\/script>\n<!-- \/ Yoast SEO plugin. -->","yoast_head_json":{"title":"Kania w zarz\u0105dzie Nasz kraj Press Nastroje 'fatalne', szykuj\u0105 czujno\u015bci 'ewakuacje' - AV Equipment &amp; Solutions | Resources","robots":{"index":"index","follow":"follow","max-snippet":"max-snippet:-1","max-image-preview":"max-image-preview:large","max-video-preview":"max-video-preview:-1"},"canonical":"https:\/\/ital.in\/blog\/kania-w-zarzadzie-nasz-kraj-press-nastroje-fatalne-szykuja-czujnosci-ewakuacje\/","og_locale":"en_US","og_type":"article","og_title":"Kania w zarz\u0105dzie Nasz kraj Press Nastroje 'fatalne', szykuj\u0105 czujno\u015bci 'ewakuacje' - AV Equipment &amp; Solutions | Resources","og_description":"Z brakiem zamysle, z brakiem rozumu, z brakiem liczenia uwagi pochodz\u0105ce z konsekwencjami. &#8220;Dorota Kania ujawnia bez \u017cadnej anonimizacji wszystkie swoje dane osobowe. Bez celu, wyj\u0105wszy m\u00f3zgu, bez liczenia si\u0119 spo\u015br\u00f3d konsekwencjami. Niedob\u00f3r s\u0142\u00f3w&#8221; &#8211; napisa\u0142a. Do dzie\u0142 powsta\u0142ych po \u00f3w dobie odnosi\u0142y si\u0119 wszystkie p\u00f3\u017aniejsze epoki literackie. Pod wp\u0142ywem romantyzmu germa\u0144skiego jak i r\u00f3wnie\u017c [&hellip;]","og_url":"https:\/\/ital.in\/blog\/kania-w-zarzadzie-nasz-kraj-press-nastroje-fatalne-szykuja-czujnosci-ewakuacje\/","og_site_name":"AV Equipment &amp; Solutions | Resources","article_published_time":"2026-04-25T03:36:50+00:00","article_modified_time":"2026-04-25T03:36:52+00:00","twitter_card":"summary_large_image","twitter_misc":{"Written by":"Renjith S.S","Est. reading time":"4 minutes"},"schema":{"@context":"https:\/\/schema.org","@graph":[{"@type":"WebSite","@id":"https:\/\/ital.in\/blog\/#website","url":"https:\/\/ital.in\/blog\/","name":"AV Equipment &amp; Solutions | Resources","description":"ITAL Solutions","potentialAction":[{"@type":"SearchAction","target":{"@type":"EntryPoint","urlTemplate":"https:\/\/ital.in\/blog\/?s={search_term_string}"},"query-input":"required name=search_term_string"}],"inLanguage":"en-US"},{"@type":"WebPage","@id":"https:\/\/ital.in\/blog\/kania-w-zarzadzie-nasz-kraj-press-nastroje-fatalne-szykuja-czujnosci-ewakuacje\/#webpage","url":"https:\/\/ital.in\/blog\/kania-w-zarzadzie-nasz-kraj-press-nastroje-fatalne-szykuja-czujnosci-ewakuacje\/","name":"Kania w zarz\u0105dzie Nasz kraj Press Nastroje 'fatalne', szykuj\u0105 czujno\u015bci 'ewakuacje' - AV Equipment &amp; Solutions | Resources","isPartOf":{"@id":"https:\/\/ital.in\/blog\/#website"},"datePublished":"2026-04-25T03:36:50+00:00","dateModified":"2026-04-25T03:36:52+00:00","author":{"@id":"https:\/\/ital.in\/blog\/#\/schema\/person\/cd1a6f15b97053137eaa9eea5afadfe1"},"breadcrumb":{"@id":"https:\/\/ital.in\/blog\/kania-w-zarzadzie-nasz-kraj-press-nastroje-fatalne-szykuja-czujnosci-ewakuacje\/#breadcrumb"},"inLanguage":"en-US","potentialAction":[{"@type":"ReadAction","target":["https:\/\/ital.in\/blog\/kania-w-zarzadzie-nasz-kraj-press-nastroje-fatalne-szykuja-czujnosci-ewakuacje\/"]}]},{"@type":"BreadcrumbList","@id":"https:\/\/ital.in\/blog\/kania-w-zarzadzie-nasz-kraj-press-nastroje-fatalne-szykuja-czujnosci-ewakuacje\/#breadcrumb","itemListElement":[{"@type":"ListItem","position":1,"name":"Home","item":"https:\/\/ital.in\/blog\/"},{"@type":"ListItem","position":2,"name":"Kania w zarz\u0105dzie Nasz kraj Press Nastroje &#8216;fatalne&#8217;, szykuj\u0105 czujno\u015bci &#8216;ewakuacje&#8217;"}]},{"@type":"Person","@id":"https:\/\/ital.in\/blog\/#\/schema\/person\/cd1a6f15b97053137eaa9eea5afadfe1","name":"Renjith S.S","image":{"@type":"ImageObject","@id":"https:\/\/ital.in\/blog\/#personlogo","inLanguage":"en-US","url":"https:\/\/secure.gravatar.com\/avatar\/a01b589c73a025d9164ff7231fca9a56062494a2247473da80237fbe90e7a957?s=96&d=mm&r=g","contentUrl":"https:\/\/secure.gravatar.com\/avatar\/a01b589c73a025d9164ff7231fca9a56062494a2247473da80237fbe90e7a957?s=96&d=mm&r=g","caption":"Renjith S.S"},"description":"General Manager","url":"https:\/\/ital.in\/blog\/author\/renjith\/"}]}},"_links":{"self":[{"href":"https:\/\/ital.in\/blog\/wp-json\/wp\/v2\/posts\/454453","targetHints":{"allow":["GET"]}}],"collection":[{"href":"https:\/\/ital.in\/blog\/wp-json\/wp\/v2\/posts"}],"about":[{"href":"https:\/\/ital.in\/blog\/wp-json\/wp\/v2\/types\/post"}],"author":[{"embeddable":true,"href":"https:\/\/ital.in\/blog\/wp-json\/wp\/v2\/users\/2"}],"replies":[{"embeddable":true,"href":"https:\/\/ital.in\/blog\/wp-json\/wp\/v2\/comments?post=454453"}],"version-history":[{"count":1,"href":"https:\/\/ital.in\/blog\/wp-json\/wp\/v2\/posts\/454453\/revisions"}],"predecessor-version":[{"id":454454,"href":"https:\/\/ital.in\/blog\/wp-json\/wp\/v2\/posts\/454453\/revisions\/454454"}],"wp:attachment":[{"href":"https:\/\/ital.in\/blog\/wp-json\/wp\/v2\/media?parent=454453"}],"wp:term":[{"taxonomy":"category","embeddable":true,"href":"https:\/\/ital.in\/blog\/wp-json\/wp\/v2\/categories?post=454453"},{"taxonomy":"post_tag","embeddable":true,"href":"https:\/\/ital.in\/blog\/wp-json\/wp\/v2\/tags?post=454453"}],"curies":[{"name":"wp","href":"https:\/\/api.w.org\/{rel}","templated":true}]}}