{"id":454465,"date":"2026-04-25T03:39:35","date_gmt":"2026-04-25T03:39:35","guid":{"rendered":"https:\/\/ital.in\/blog\/?p=454465"},"modified":"2026-04-25T03:39:38","modified_gmt":"2026-04-25T03:39:38","slug":"sprzedam-dzialke-kania-nasz-kraj-824-metrow-kwadratowych-249000-pln","status":"publish","type":"post","link":"https:\/\/ital.in\/blog\/sprzedam-dzialke-kania-nasz-kraj-824-metrow-kwadratowych-249000-pln\/","title":{"rendered":"Sprzedam dzia\u0142k\u0119: Kania Nasz kraj, 824 metr\u00f3w kwadratowych, 249000 Pln"},"content":{"rendered":"<p>Owo zachwycaj\u0105ce miejsce dla ludzi szukaj\u0105cych ciszy, kontaktu telefonicznego z natur\u0105 i wn\u0119trza do odwiedzenia odpoczynku na osobno\u015bci od chwili miejskiego harmidru. Antoniego Kani, 59.000,- Pln Dzi\u0119ki sprzeda\u017c dzia\u0142ka rekreacyjna z bezpo\u015brednim dost\u0119pem do koryta Skotawa o powierzchni 1431 mkw., na temat numerze ewidencyjnym 714\/D, jaka zrealizowany zostanie w wyniku podzia\u0142u geodezyjnego dzia\u0142ki nr 714. Po\u0142o\u017cona w przepi\u0119knej miejscowo\u015bci Szare, ta widokowa przydzia\u0142 na temat numer ewidencyjnym 244\/cztery o warstwy 1500m\u00b2 owe idealne po\u0142o\u017cenie dla ludzi ceni\u0105cych sobie obszar i wygod\u0119 nocnego istnienia. Dzi\u0119ki handel kawa\u0142ek ziemi budowlana pod ul. To wspania\u0142e obszary dla ludzi poszukuj\u0105cych chronienia, kontaktu telefonicznego z przyrod\u0105 jak i r\u00f3wnie\u017c polskiej przestrzeni do odwiedzenia &#8230; W handel przydzia\u0142 budowlana, po\u0142o\u017cona w ca\u0142ej Ostrowie Wielkopolskim w ca\u0142ej alei Krzysztofa Komedy-Trzci\u0144skiego.<\/p>\n<p>Dzia\u0142ka obj\u0119ta <a href=\"https:\/\/casiqoslots.com\/pl\/aplikacja\/\">https:\/\/casiqoslots.com\/pl\/aplikacja\/<\/a> programem zagospodarowania przestrzennego, trzech kondygnacji (12,pi\u0119\u0107 metr\u00f3w wysoko\u015bci). Na zbyt przydzia\u0142 budowlana nad rzeczk\u0105, D\u0119bnica Kaszubska, ul. Na handel przydzia\u0142 budowlana wraz z domkiem letniskowym &#8211; Kania Nasze pa\u0144stwo, gm.<\/p>\n<p>W zbyt pole budowlana na temat warstwy 1200 m\u00b2, po\u0142o\u017cona w ca\u0142ej okolicy Zab\u0142ocie, w ca\u0142ej gminie Serock (woj. mazowieckie). Kawa\u0142ek ziemi obj\u0119ta regionalnym planem zagospodarowania znak 13MN. Pod sprzeda\u017c kawa\u0142ek ziemi budowlana o warstwy 761 metr\u00f3w\u00b2 (34x23m) u\u0142o\u017cona po Piastowie. To jedna z nielicznych dzia\u0142ek us\u0142ugowych obj\u0119ta regionalnym planem zagospodarowania strefa&#8230; Malownicza dzia\u0142ka u\u0142o\u017cona pod Warszaw\u0105, po spokojnej i zielonej miejscowo\u015bci, przes\u0105dza idealne obszar dla ludzi szukaj\u0105cych releksu od momentu miejskiego harmidru. Owe idealne miejsce dla os\u00f3b ceni\u0105cych wypoczynek, s\u0105siedztwo natury oraz jednocze\u015bn&#8230;<\/p>\n<p>Wspania\u0142e obszar dla os\u00f3b poszukuj\u0105cych releksu od chwili miejskiego zgie\u0142ku, blisko zieleni, a r\u00f3wnolegle z w\u0142a\u015bciwym transportem do odwiedzenia okolicznych okolicy. W zbyt wsp\u00f3\u0142czesny, przestronny dom jednorodzinny zbudowany po 2023 r., umiejscowiony na du\u017cej dzia\u0142ce o powierzchni 1658,80 m\u00b2, wraz z bezpo\u015brednim dost\u0119pem do koryta Narew. To miejsce dla ludzi, kt\u00f3re to chc\u0105 \u017cy\u0107 po\u015br\u00f3d fauny, a r\u00f3wnocze\u015bnie posiada\u0107 komfortowy wej\u015bcie do metropolie.<\/p>\n<p>Kawa\u0142ek ziemi wydaje si\u0119 w trakcie podzia\u0142u , plus minus koryta bug,przydzia\u0142 otoczona lokalnym scenariuszem zagospodarowania przestrzennego .Zabudowa miszkaniowa jednorodzinna. Do sprzedania dzia\u0142ka budowlana pochodz\u0105ce z uchwalonym miejscowym programem zagospodarowania przestrzennego. Pole otoczona regionalnym scenariuszem zagospodarowania przestrzennego. Na handel pole budowlana u\u0142o\u017cona przy malowniczej mie\u015bciny Kulig\u00f3w (gmina D\u0105br\u00f3wka, weteran. mazowieckie). Antoniego Kani, 69.000,- Pln W sprzeda\u017c dzia\u0142ka budowlana wraz z bliskim dost\u0119pem do odwiedzenia koryta Skotawa o powierzchni 1204 metr\u00f3w kwadratowych, o numerze ewidencyjnym 714\/C, kt\u00f3ra to powstanie w nast\u0119pstwie podzia\u0142u geodezyjnego dzia\u0142ki numer 714.<\/p>\n<p>Kawa\u0142ek ziemi obj\u0119ta miejscowym scenariuszem zagospodarowania przestrzennego do zabudowy jednorodzinnej czy letn&#8230; Zgodnie z regionalnym programem zagospodarowania przestrzennego wykonalna wydaje si\u0119 by\u0107 zabudowa wolnostoj\u0105ca, fascynuj\u0105ca do granic mo\u017cliwo\u015bci trzydziestu% powierzchni parceli, zachowuj\u0105c 70% powierzchni biologicznie czynnej, a maksymalna wysoko\u015b\u0107 apartament\u00f3w by\u0107 mo\u017ce wynosi\u0107 10 metr\u00f3w. \u2022 Obszar obj\u0119ty miejscowym programem zagospodarowania przestrzennego &#8211; opcja zabudowy mieszkaniowej jednorodzinnej czy sportowej.<\/p>\n<p>W zbyt dzia\u0142ka budowlana u\u0142o\u017cona po atrakcyjnej pozycji miejskiej, otoczona lokalnym programem zagospodarowania przestrzennego. Pferowane od zdecyduj si\u0119 na od momentu zarazw ci\u0105gu miesi\u0105caw ci\u0105gu 3 miesi\u0119cydo uzgodnienia Do kupienia zdecyduj si\u0119 na od czasu zarazw ci\u0105gu miesi\u0105caw ci\u0105gu 3 miesi\u0119cydo uzgodnienia<\/p>\n<p>W sprzeda\u017c dzia\u0142ka budowlana o powierzchni 900m2 po\u0142o\u017cona po \u015awie\u017cej Wsi, gmina Micha\u0142owice. Dzi\u0119ki zbyt pole budowlana przy Otr\u0119busach. Pole otoczona programem zagospodarowania przestrzennego,. Owe doskona\u0142e miejsce dla ludzi, kt\u00f3re szukaj\u0105 sielankowej wn\u0119trza blisko na&#8230;<\/p>\n<p>Owo wspania\u0142e obszary dla ludzi ceni\u0105cych pobli\u017ce zieleni, a r\u00f3wnocze\u015bnie komfortowy dopuszczenie do miejskiej infrastruktury. Sprzedam dzia\u0142ke budowlan\u0105 na temat warstwy 1306 metr\u00f3w kwadratowych zlokalizowan\u0105 przy D\u0119bicach w gminie Maszewo, posiadaj\u0105c\u0105 wydane normy zabudowy. Wedle scenariuszem zagospodarowania przestrzennego zadedykowana jest na zabudow\u0119 mieszkaniow\u0105 jednorodzinn\u0105 w postaci wolnostoj\u0105cej oraz analogicznej.<\/p>\n","protected":false},"excerpt":{"rendered":"<p>Owo zachwycaj\u0105ce miejsce dla ludzi szukaj\u0105cych ciszy, kontaktu telefonicznego z natur\u0105 i wn\u0119trza do odwiedzenia odpoczynku na osobno\u015bci od chwili miejskiego harmidru. Antoniego Kani, 59.000,- Pln Dzi\u0119ki sprzeda\u017c dzia\u0142ka rekreacyjna z bezpo\u015brednim dost\u0119pem do koryta Skotawa o powierzchni 1431 mkw., na temat numerze ewidencyjnym 714\/D, jaka zrealizowany zostanie w wyniku podzia\u0142u geodezyjnego dzia\u0142ki nr 714. [&hellip;]<\/p>\n","protected":false},"author":2,"featured_media":0,"comment_status":"closed","ping_status":"open","sticky":false,"template":"","format":"standard","meta":{"footnotes":""},"categories":[1],"tags":[],"class_list":["post-454465","post","type-post","status-publish","format-standard","hentry","category-uncategorized"],"yoast_head":"<!-- This site is optimized with the Yoast SEO plugin v16.8 - https:\/\/yoast.com\/wordpress\/plugins\/seo\/ -->\n<title>Sprzedam dzia\u0142k\u0119: Kania Nasz kraj, 824 metr\u00f3w kwadratowych, 249000 Pln - AV Equipment &amp; Solutions | Resources<\/title>\n<meta name=\"robots\" content=\"index, follow, max-snippet:-1, max-image-preview:large, max-video-preview:-1\" \/>\n<link rel=\"canonical\" href=\"https:\/\/ital.in\/blog\/sprzedam-dzialke-kania-nasz-kraj-824-metrow-kwadratowych-249000-pln\/\" \/>\n<meta property=\"og:locale\" content=\"en_US\" \/>\n<meta property=\"og:type\" content=\"article\" \/>\n<meta property=\"og:title\" content=\"Sprzedam dzia\u0142k\u0119: Kania Nasz kraj, 824 metr\u00f3w kwadratowych, 249000 Pln - AV Equipment &amp; Solutions | Resources\" \/>\n<meta property=\"og:description\" content=\"Owo zachwycaj\u0105ce miejsce dla ludzi szukaj\u0105cych ciszy, kontaktu telefonicznego z natur\u0105 i wn\u0119trza do odwiedzenia odpoczynku na osobno\u015bci od chwili miejskiego harmidru. Antoniego Kani, 59.000,- Pln Dzi\u0119ki sprzeda\u017c dzia\u0142ka rekreacyjna z bezpo\u015brednim dost\u0119pem do koryta Skotawa o powierzchni 1431 mkw., na temat numerze ewidencyjnym 714\/D, jaka zrealizowany zostanie w wyniku podzia\u0142u geodezyjnego dzia\u0142ki nr 714. [&hellip;]\" \/>\n<meta property=\"og:url\" content=\"https:\/\/ital.in\/blog\/sprzedam-dzialke-kania-nasz-kraj-824-metrow-kwadratowych-249000-pln\/\" \/>\n<meta property=\"og:site_name\" content=\"AV Equipment &amp; Solutions | Resources\" \/>\n<meta property=\"article:published_time\" content=\"2026-04-25T03:39:35+00:00\" \/>\n<meta property=\"article:modified_time\" content=\"2026-04-25T03:39:38+00:00\" \/>\n<meta name=\"twitter:card\" content=\"summary_large_image\" \/>\n<meta name=\"twitter:label1\" content=\"Written by\" \/>\n\t<meta name=\"twitter:data1\" content=\"Renjith S.S\" \/>\n\t<meta name=\"twitter:label2\" content=\"Est. reading time\" \/>\n\t<meta name=\"twitter:data2\" content=\"3 minutes\" \/>\n<script type=\"application\/ld+json\" class=\"yoast-schema-graph\">{\"@context\":\"https:\/\/schema.org\",\"@graph\":[{\"@type\":\"WebSite\",\"@id\":\"https:\/\/ital.in\/blog\/#website\",\"url\":\"https:\/\/ital.in\/blog\/\",\"name\":\"AV Equipment &amp; Solutions | Resources\",\"description\":\"ITAL Solutions\",\"potentialAction\":[{\"@type\":\"SearchAction\",\"target\":{\"@type\":\"EntryPoint\",\"urlTemplate\":\"https:\/\/ital.in\/blog\/?s={search_term_string}\"},\"query-input\":\"required name=search_term_string\"}],\"inLanguage\":\"en-US\"},{\"@type\":\"WebPage\",\"@id\":\"https:\/\/ital.in\/blog\/sprzedam-dzialke-kania-nasz-kraj-824-metrow-kwadratowych-249000-pln\/#webpage\",\"url\":\"https:\/\/ital.in\/blog\/sprzedam-dzialke-kania-nasz-kraj-824-metrow-kwadratowych-249000-pln\/\",\"name\":\"Sprzedam dzia\\u0142k\\u0119: Kania Nasz kraj, 824 metr\\u00f3w kwadratowych, 249000 Pln - AV Equipment &amp; Solutions | Resources\",\"isPartOf\":{\"@id\":\"https:\/\/ital.in\/blog\/#website\"},\"datePublished\":\"2026-04-25T03:39:35+00:00\",\"dateModified\":\"2026-04-25T03:39:38+00:00\",\"author\":{\"@id\":\"https:\/\/ital.in\/blog\/#\/schema\/person\/cd1a6f15b97053137eaa9eea5afadfe1\"},\"breadcrumb\":{\"@id\":\"https:\/\/ital.in\/blog\/sprzedam-dzialke-kania-nasz-kraj-824-metrow-kwadratowych-249000-pln\/#breadcrumb\"},\"inLanguage\":\"en-US\",\"potentialAction\":[{\"@type\":\"ReadAction\",\"target\":[\"https:\/\/ital.in\/blog\/sprzedam-dzialke-kania-nasz-kraj-824-metrow-kwadratowych-249000-pln\/\"]}]},{\"@type\":\"BreadcrumbList\",\"@id\":\"https:\/\/ital.in\/blog\/sprzedam-dzialke-kania-nasz-kraj-824-metrow-kwadratowych-249000-pln\/#breadcrumb\",\"itemListElement\":[{\"@type\":\"ListItem\",\"position\":1,\"name\":\"Home\",\"item\":\"https:\/\/ital.in\/blog\/\"},{\"@type\":\"ListItem\",\"position\":2,\"name\":\"Sprzedam dzia\\u0142k\\u0119: Kania Nasz kraj, 824 metr\\u00f3w kwadratowych, 249000 Pln\"}]},{\"@type\":\"Person\",\"@id\":\"https:\/\/ital.in\/blog\/#\/schema\/person\/cd1a6f15b97053137eaa9eea5afadfe1\",\"name\":\"Renjith S.S\",\"image\":{\"@type\":\"ImageObject\",\"@id\":\"https:\/\/ital.in\/blog\/#personlogo\",\"inLanguage\":\"en-US\",\"url\":\"https:\/\/secure.gravatar.com\/avatar\/a01b589c73a025d9164ff7231fca9a56062494a2247473da80237fbe90e7a957?s=96&d=mm&r=g\",\"contentUrl\":\"https:\/\/secure.gravatar.com\/avatar\/a01b589c73a025d9164ff7231fca9a56062494a2247473da80237fbe90e7a957?s=96&d=mm&r=g\",\"caption\":\"Renjith S.S\"},\"description\":\"General Manager\",\"url\":\"https:\/\/ital.in\/blog\/author\/renjith\/\"}]}<\/script>\n<!-- \/ Yoast SEO plugin. -->","yoast_head_json":{"title":"Sprzedam dzia\u0142k\u0119: Kania Nasz kraj, 824 metr\u00f3w kwadratowych, 249000 Pln - AV Equipment &amp; Solutions | Resources","robots":{"index":"index","follow":"follow","max-snippet":"max-snippet:-1","max-image-preview":"max-image-preview:large","max-video-preview":"max-video-preview:-1"},"canonical":"https:\/\/ital.in\/blog\/sprzedam-dzialke-kania-nasz-kraj-824-metrow-kwadratowych-249000-pln\/","og_locale":"en_US","og_type":"article","og_title":"Sprzedam dzia\u0142k\u0119: Kania Nasz kraj, 824 metr\u00f3w kwadratowych, 249000 Pln - AV Equipment &amp; Solutions | Resources","og_description":"Owo zachwycaj\u0105ce miejsce dla ludzi szukaj\u0105cych ciszy, kontaktu telefonicznego z natur\u0105 i wn\u0119trza do odwiedzenia odpoczynku na osobno\u015bci od chwili miejskiego harmidru. Antoniego Kani, 59.000,- Pln Dzi\u0119ki sprzeda\u017c dzia\u0142ka rekreacyjna z bezpo\u015brednim dost\u0119pem do koryta Skotawa o powierzchni 1431 mkw., na temat numerze ewidencyjnym 714\/D, jaka zrealizowany zostanie w wyniku podzia\u0142u geodezyjnego dzia\u0142ki nr 714. [&hellip;]","og_url":"https:\/\/ital.in\/blog\/sprzedam-dzialke-kania-nasz-kraj-824-metrow-kwadratowych-249000-pln\/","og_site_name":"AV Equipment &amp; Solutions | Resources","article_published_time":"2026-04-25T03:39:35+00:00","article_modified_time":"2026-04-25T03:39:38+00:00","twitter_card":"summary_large_image","twitter_misc":{"Written by":"Renjith S.S","Est. reading time":"3 minutes"},"schema":{"@context":"https:\/\/schema.org","@graph":[{"@type":"WebSite","@id":"https:\/\/ital.in\/blog\/#website","url":"https:\/\/ital.in\/blog\/","name":"AV Equipment &amp; Solutions | Resources","description":"ITAL Solutions","potentialAction":[{"@type":"SearchAction","target":{"@type":"EntryPoint","urlTemplate":"https:\/\/ital.in\/blog\/?s={search_term_string}"},"query-input":"required name=search_term_string"}],"inLanguage":"en-US"},{"@type":"WebPage","@id":"https:\/\/ital.in\/blog\/sprzedam-dzialke-kania-nasz-kraj-824-metrow-kwadratowych-249000-pln\/#webpage","url":"https:\/\/ital.in\/blog\/sprzedam-dzialke-kania-nasz-kraj-824-metrow-kwadratowych-249000-pln\/","name":"Sprzedam dzia\u0142k\u0119: Kania Nasz kraj, 824 metr\u00f3w kwadratowych, 249000 Pln - AV Equipment &amp; Solutions | Resources","isPartOf":{"@id":"https:\/\/ital.in\/blog\/#website"},"datePublished":"2026-04-25T03:39:35+00:00","dateModified":"2026-04-25T03:39:38+00:00","author":{"@id":"https:\/\/ital.in\/blog\/#\/schema\/person\/cd1a6f15b97053137eaa9eea5afadfe1"},"breadcrumb":{"@id":"https:\/\/ital.in\/blog\/sprzedam-dzialke-kania-nasz-kraj-824-metrow-kwadratowych-249000-pln\/#breadcrumb"},"inLanguage":"en-US","potentialAction":[{"@type":"ReadAction","target":["https:\/\/ital.in\/blog\/sprzedam-dzialke-kania-nasz-kraj-824-metrow-kwadratowych-249000-pln\/"]}]},{"@type":"BreadcrumbList","@id":"https:\/\/ital.in\/blog\/sprzedam-dzialke-kania-nasz-kraj-824-metrow-kwadratowych-249000-pln\/#breadcrumb","itemListElement":[{"@type":"ListItem","position":1,"name":"Home","item":"https:\/\/ital.in\/blog\/"},{"@type":"ListItem","position":2,"name":"Sprzedam dzia\u0142k\u0119: Kania Nasz kraj, 824 metr\u00f3w kwadratowych, 249000 Pln"}]},{"@type":"Person","@id":"https:\/\/ital.in\/blog\/#\/schema\/person\/cd1a6f15b97053137eaa9eea5afadfe1","name":"Renjith S.S","image":{"@type":"ImageObject","@id":"https:\/\/ital.in\/blog\/#personlogo","inLanguage":"en-US","url":"https:\/\/secure.gravatar.com\/avatar\/a01b589c73a025d9164ff7231fca9a56062494a2247473da80237fbe90e7a957?s=96&d=mm&r=g","contentUrl":"https:\/\/secure.gravatar.com\/avatar\/a01b589c73a025d9164ff7231fca9a56062494a2247473da80237fbe90e7a957?s=96&d=mm&r=g","caption":"Renjith S.S"},"description":"General Manager","url":"https:\/\/ital.in\/blog\/author\/renjith\/"}]}},"_links":{"self":[{"href":"https:\/\/ital.in\/blog\/wp-json\/wp\/v2\/posts\/454465","targetHints":{"allow":["GET"]}}],"collection":[{"href":"https:\/\/ital.in\/blog\/wp-json\/wp\/v2\/posts"}],"about":[{"href":"https:\/\/ital.in\/blog\/wp-json\/wp\/v2\/types\/post"}],"author":[{"embeddable":true,"href":"https:\/\/ital.in\/blog\/wp-json\/wp\/v2\/users\/2"}],"replies":[{"embeddable":true,"href":"https:\/\/ital.in\/blog\/wp-json\/wp\/v2\/comments?post=454465"}],"version-history":[{"count":1,"href":"https:\/\/ital.in\/blog\/wp-json\/wp\/v2\/posts\/454465\/revisions"}],"predecessor-version":[{"id":454466,"href":"https:\/\/ital.in\/blog\/wp-json\/wp\/v2\/posts\/454465\/revisions\/454466"}],"wp:attachment":[{"href":"https:\/\/ital.in\/blog\/wp-json\/wp\/v2\/media?parent=454465"}],"wp:term":[{"taxonomy":"category","embeddable":true,"href":"https:\/\/ital.in\/blog\/wp-json\/wp\/v2\/categories?post=454465"},{"taxonomy":"post_tag","embeddable":true,"href":"https:\/\/ital.in\/blog\/wp-json\/wp\/v2\/tags?post=454465"}],"curies":[{"name":"wp","href":"https:\/\/api.w.org\/{rel}","templated":true}]}}