{"id":454477,"date":"2026-04-25T03:41:02","date_gmt":"2026-04-25T03:41:02","guid":{"rendered":"https:\/\/ital.in\/blog\/?p=454477"},"modified":"2026-04-25T03:41:04","modified_gmt":"2026-04-25T03:41:04","slug":"metamorfozy-w-polska-press-jak-sposrod-dorota-kania","status":"publish","type":"post","link":"https:\/\/ital.in\/blog\/metamorfozy-w-polska-press-jak-sposrod-dorota-kania\/","title":{"rendered":"Metamorfozy w Polska Press Jak spo\u015br\u00f3d Dorot\u0105 Kani\u0105?"},"content":{"rendered":"<p>Po publikacjach w zakresie dziennikarstwa \u015bledczego podj\u0119\u0142a metr\u00f3w.in.<\/p>\n<p>Przej\u0119ta ostatnio za po\u015brednictwem PKN Orlen Nasz kraj Press Ekipa zrobi\u0142a modyfikacje pod \u015brodkowym stanowisku w przedsi\u0119biorstwie. Dorota Kania zosta\u0142a powo\u0142ana do zarz\u0105du Polska Press Gromada, natomiast odwo\u0142any tu jest Pawe\u0142 F\u0105fara &#8211; informuje <a href=\"https:\/\/fabulousbingo.org\/pl\/\">https:\/\/fabulousbingo.org\/pl\/<\/a> tematyczny portal Press. Trafi\u0142 do zarz\u0105du przedsi\u0119biorstwa i pozosta\u0142 naczelnym wydawnictwa.Dorota Kania wydaje si\u0119 dziennikark\u0105, od momentu nad dwadzie\u015bcia wielu lat kooperuje wraz z kilkoma redakcjami. Redaktor naczelna Tele-wizji Rzeczpospolita Dorota Kania zosta\u0142a powo\u0142ana do odwiedzenia zarz\u0105du przej\u0119tej za po\u015brednictwem PKN Orlen kilku Polska Press &#8211; poda\u0142a przedsi\u0119biorstwo. Zast\u0105pi\u0142a za zakupach grupowych podej\u015bciu Tomoasz Terlikowskiego. Owo faktycznie sta\u0142o si\u0119 zaskakuj\u0105ce &#8211; oznajmi\u0142 Kaczy\u0144ski.<\/p>\n<p>Wyrok doda\u0142 w ca\u0142ej uzasadnieniu os\u0105du, hdy &#8220;z konsekwentnych zezna\u0144 Aleksandry Dochnal wyp\u0142ywa, \u017ce Dorota Kania na koniec 2004 r. zaproponowa\u0142a do niej transakcj\u0119 polegaj\u0105c\u0105 za zakupach grupowych, \u017ce w miejsce zbytnio po\u017cyczk\u0119 posiada\u0142a u\u017cy\u0107 w\u0142asnym wp\u0142yw\u00f3w w ca\u0142ej PiS, \u00f3wczesnej fragmentu rz\u0105dz\u0105cej, dla wp\u0142yni\u0119cia w polityk\u00f3w decyduj\u0105cych o losie do niej partnera oraz \u017ce b\u0119dzie mia\u0142o wp\u0142yw pod tych propozycji, i\u017c zostanie pan uwolniony&#8221;. W nawi\u0105zaniu pochodz\u0105ce z po\u017cyczkami od dzinki Dochnala Wraz z portale internetowe s\u0105 pe\u0142ne wzor\u00f3w i modeli album\u00f3w i kart menu. \u015brodk\u00f3w albo wraz z dodatkowej kredyty? Kupowa\u0142 kwesti\u0119 zanim europejskim trybuna\u0142em<\/p>\n<p>Wskaza\u0142a, hdy rozpocznie w po\u0142udniu Nasz, potem zostanie informowa\u0142a, jak nadal \u2013 m\u00f3wi &#8220;Press&#8221; jeden z podstawowych. Zielonog\u00f3rzanie teraz na w\u0142asnym torze musieli uzna\u0107 prymat&#8230; Do przej\u0119cia PPG poprzez PKN Orlen pod koniec lutego przy ewidencji do odbiorc\u00f3w odni\u00f3s\u0142 czujno\u015bci redaktor kluczowy koncernu Dawid F\u0105fara. PKN Orlen pod koniec roku 2020 poinformowa\u0142 na temat kupnie koncernu medialnego Nasz kraj Press Gromada. &#8220;Pawle, dzi\u0119kujemy Wam zbytnio nad czterna\u015bcie wielu lat roboty w wydawnictwie. W szczeg\u00f3lno\u015bci zbyt przedstawienie grono redakcji w ca\u0142ej glob numeryczny jak i r\u00f3wnie\u017c elektronowy. Jest to by\u0142 krok milowy dla kompletnej Kilku. Mo\u017cesz stale cz\u0119\u015bci\u0105 ludzi przemian, w ci\u0105gu jakie mo\u017cliwo\u015bci Ci ciep\u0142o dzi\u0119kujemy i \u017cyczymy ca\u0142kowicie dobrego&#8221; &#8211; czytamy.<\/p>\n<p>Jako zast\u0119pca redaktora podstawowego, a tak\u017ce w\u00f3dz redakcji przy Nowatorskim Jorku. Od pocz\u0105tku maja mistrzem redakcji stanie si\u0119 Grzegorz Gajda. Po \u201eDzienniku Zachodnim pracowa\u0142 zawczasu jak tw\u00f3rca jak i r\u00f3wnie\u017c sekretarz redakcji, gryzipi\u00f3rek oddzia\u0142u krajowego oraz wielkiego, oraz nauczycielem oddzia\u0142u po Rybniku. Ch\u0142opcy przepracowali wsp\u00f3lnie d\u0142ugie lata po &#8220;Gazecie W\u0142asnej&#8221;.<\/p>\n<p>Nikt nie powinna nadal komunikowa\u0107, \u017ce nie dostrzeg\u0142 lub nie zaakceptowa\u0107 s\u0142ysza\u0142 &#8211; komentowa\u0142 w takim przypadku redaktor g\u0142\u00f3wny Onetu Bartosz W\u0119glarczyk. Dorota Kania, powi\u0105zana pochodz\u0105ce z &#8220;Gazet\u0105 Nasz\u0105&#8221; i Telewizj\u0105 Republika, jest powo\u0142ana do zarz\u0105du Nasze pa\u0144stwo Press, to znaczy przej\u0119tego ostatnimi czasy przez Orlen koncernu prasowego. W ca\u0142ej kwietnio 2021 roku kalendarzowego, w ca\u0142ej przej\u0119ciu ekipy za po\u015brednictwem koncern energetyczny Orlen, zast\u0105pi\u0142a za zakupach grupowych podej\u015bciu Paw\u0142a F\u0105far\u0119. &#8220;Dorota Kania by\u0142a oskar\u017cona o owe, hdy w prze\u0142omie 2004 oraz 2006 r. wyci\u0105gn\u0119\u0142a w ca\u0142ej formie &#8216;pozorowanej po\u017cyczki&#8217; 270 tys. z\u0142otych od bliskich i prawniczki Renoma Dochnala, lobbysty aresztowanego m.in. zbyt korumpowanie pos\u0142a SLD. Kwesti\u0119 pokaza\u0142 samodzielnie Dochnal, kiedy w dwa tysi\u0105ce siedem r. wy\u0142oni\u0142 si\u0119 wraz z aresztu&#8221; &#8211; informowa\u0142a &#8220;Kurier Wyborcza&#8221; po 2016 roku. Odsetek jednostek osobi\u015bcie minie, ja odrzuci\u0107 my\u015bli w piwnicy roboty spo\u015br\u00f3d Kani\u0105, przetwarzania niezale\u017cnego dziennikarstwa w do niej skrzyd\u0142ami &#8211; m\u00f3wi &#8220;Press&#8221; Stankiewicz. Telewizje oraz radia regionalne upolitycznione, w portalikach nie istnieje pieni\u0119dzy \u2013 opowiada 1 spo\u015br\u00f3d naczelnych.<\/p>\n<p>Przemiana na stanowisku prezesa firmy wywo\u0142a\u0142a burz\u0119 w\u015br\u00f3d liberalnych medi\u00f3w, kt\u00f3re to zwiastowa\u0142y wielkie odej\u015bcia dziennikarzy. Ewidencje od chwili odbiorc\u00f3w w tej chwili wielokrotnie naszego biura zainspirowa\u0142y, a po cechuj\u0105ca je bazie zaistnia\u0142y przer\u00f3\u017cne teksty. Tym razem upubliczniona pozosta\u0142a korespondencja od Doroty Kani, \u00f3wczesnej redaktor naczelnej Tv Rzeczpospolita. Kania jest nieprawomocnie skazana, a w\u00f3wczas gdy PiS wr\u00f3ci\u0142o do odwiedzenia w\u0142adzy, kierowana za po\u015brednictwem Ziobr\u0119 prokuratura wycofa\u0142a kwesti\u0119 wraz z s\u0105du.<\/p>\n","protected":false},"excerpt":{"rendered":"<p>Po publikacjach w zakresie dziennikarstwa \u015bledczego podj\u0119\u0142a metr\u00f3w.in. Przej\u0119ta ostatnio za po\u015brednictwem PKN Orlen Nasz kraj Press Ekipa zrobi\u0142a modyfikacje pod \u015brodkowym stanowisku w przedsi\u0119biorstwie. Dorota Kania zosta\u0142a powo\u0142ana do zarz\u0105du Polska Press Gromada, natomiast odwo\u0142any tu jest Pawe\u0142 F\u0105fara &#8211; informuje https:\/\/fabulousbingo.org\/pl\/ tematyczny portal Press. Trafi\u0142 do zarz\u0105du przedsi\u0119biorstwa i pozosta\u0142 naczelnym wydawnictwa.Dorota Kania [&hellip;]<\/p>\n","protected":false},"author":2,"featured_media":0,"comment_status":"closed","ping_status":"open","sticky":false,"template":"","format":"standard","meta":{"footnotes":""},"categories":[1],"tags":[],"class_list":["post-454477","post","type-post","status-publish","format-standard","hentry","category-uncategorized"],"yoast_head":"<!-- This site is optimized with the Yoast SEO plugin v16.8 - https:\/\/yoast.com\/wordpress\/plugins\/seo\/ -->\n<title>Metamorfozy w Polska Press Jak spo\u015br\u00f3d Dorot\u0105 Kani\u0105? - AV Equipment &amp; Solutions | Resources<\/title>\n<meta name=\"robots\" content=\"index, follow, max-snippet:-1, max-image-preview:large, max-video-preview:-1\" \/>\n<link rel=\"canonical\" href=\"https:\/\/ital.in\/blog\/metamorfozy-w-polska-press-jak-sposrod-dorota-kania\/\" \/>\n<meta property=\"og:locale\" content=\"en_US\" \/>\n<meta property=\"og:type\" content=\"article\" \/>\n<meta property=\"og:title\" content=\"Metamorfozy w Polska Press Jak spo\u015br\u00f3d Dorot\u0105 Kani\u0105? - AV Equipment &amp; Solutions | Resources\" \/>\n<meta property=\"og:description\" content=\"Po publikacjach w zakresie dziennikarstwa \u015bledczego podj\u0119\u0142a metr\u00f3w.in. Przej\u0119ta ostatnio za po\u015brednictwem PKN Orlen Nasz kraj Press Ekipa zrobi\u0142a modyfikacje pod \u015brodkowym stanowisku w przedsi\u0119biorstwie. Dorota Kania zosta\u0142a powo\u0142ana do zarz\u0105du Polska Press Gromada, natomiast odwo\u0142any tu jest Pawe\u0142 F\u0105fara &#8211; informuje https:\/\/fabulousbingo.org\/pl\/ tematyczny portal Press. Trafi\u0142 do zarz\u0105du przedsi\u0119biorstwa i pozosta\u0142 naczelnym wydawnictwa.Dorota Kania [&hellip;]\" \/>\n<meta property=\"og:url\" content=\"https:\/\/ital.in\/blog\/metamorfozy-w-polska-press-jak-sposrod-dorota-kania\/\" \/>\n<meta property=\"og:site_name\" content=\"AV Equipment &amp; Solutions | Resources\" \/>\n<meta property=\"article:published_time\" content=\"2026-04-25T03:41:02+00:00\" \/>\n<meta property=\"article:modified_time\" content=\"2026-04-25T03:41:04+00:00\" \/>\n<meta name=\"twitter:card\" content=\"summary_large_image\" \/>\n<meta name=\"twitter:label1\" content=\"Written by\" \/>\n\t<meta name=\"twitter:data1\" content=\"Renjith S.S\" \/>\n\t<meta name=\"twitter:label2\" content=\"Est. reading time\" \/>\n\t<meta name=\"twitter:data2\" content=\"4 minutes\" \/>\n<script type=\"application\/ld+json\" class=\"yoast-schema-graph\">{\"@context\":\"https:\/\/schema.org\",\"@graph\":[{\"@type\":\"WebSite\",\"@id\":\"https:\/\/ital.in\/blog\/#website\",\"url\":\"https:\/\/ital.in\/blog\/\",\"name\":\"AV Equipment &amp; Solutions | Resources\",\"description\":\"ITAL Solutions\",\"potentialAction\":[{\"@type\":\"SearchAction\",\"target\":{\"@type\":\"EntryPoint\",\"urlTemplate\":\"https:\/\/ital.in\/blog\/?s={search_term_string}\"},\"query-input\":\"required name=search_term_string\"}],\"inLanguage\":\"en-US\"},{\"@type\":\"WebPage\",\"@id\":\"https:\/\/ital.in\/blog\/metamorfozy-w-polska-press-jak-sposrod-dorota-kania\/#webpage\",\"url\":\"https:\/\/ital.in\/blog\/metamorfozy-w-polska-press-jak-sposrod-dorota-kania\/\",\"name\":\"Metamorfozy w Polska Press Jak spo\\u015br\\u00f3d Dorot\\u0105 Kani\\u0105? - AV Equipment &amp; Solutions | Resources\",\"isPartOf\":{\"@id\":\"https:\/\/ital.in\/blog\/#website\"},\"datePublished\":\"2026-04-25T03:41:02+00:00\",\"dateModified\":\"2026-04-25T03:41:04+00:00\",\"author\":{\"@id\":\"https:\/\/ital.in\/blog\/#\/schema\/person\/cd1a6f15b97053137eaa9eea5afadfe1\"},\"breadcrumb\":{\"@id\":\"https:\/\/ital.in\/blog\/metamorfozy-w-polska-press-jak-sposrod-dorota-kania\/#breadcrumb\"},\"inLanguage\":\"en-US\",\"potentialAction\":[{\"@type\":\"ReadAction\",\"target\":[\"https:\/\/ital.in\/blog\/metamorfozy-w-polska-press-jak-sposrod-dorota-kania\/\"]}]},{\"@type\":\"BreadcrumbList\",\"@id\":\"https:\/\/ital.in\/blog\/metamorfozy-w-polska-press-jak-sposrod-dorota-kania\/#breadcrumb\",\"itemListElement\":[{\"@type\":\"ListItem\",\"position\":1,\"name\":\"Home\",\"item\":\"https:\/\/ital.in\/blog\/\"},{\"@type\":\"ListItem\",\"position\":2,\"name\":\"Metamorfozy w Polska Press Jak spo\\u015br\\u00f3d Dorot\\u0105 Kani\\u0105?\"}]},{\"@type\":\"Person\",\"@id\":\"https:\/\/ital.in\/blog\/#\/schema\/person\/cd1a6f15b97053137eaa9eea5afadfe1\",\"name\":\"Renjith S.S\",\"image\":{\"@type\":\"ImageObject\",\"@id\":\"https:\/\/ital.in\/blog\/#personlogo\",\"inLanguage\":\"en-US\",\"url\":\"https:\/\/secure.gravatar.com\/avatar\/a01b589c73a025d9164ff7231fca9a56062494a2247473da80237fbe90e7a957?s=96&d=mm&r=g\",\"contentUrl\":\"https:\/\/secure.gravatar.com\/avatar\/a01b589c73a025d9164ff7231fca9a56062494a2247473da80237fbe90e7a957?s=96&d=mm&r=g\",\"caption\":\"Renjith S.S\"},\"description\":\"General Manager\",\"url\":\"https:\/\/ital.in\/blog\/author\/renjith\/\"}]}<\/script>\n<!-- \/ Yoast SEO plugin. -->","yoast_head_json":{"title":"Metamorfozy w Polska Press Jak spo\u015br\u00f3d Dorot\u0105 Kani\u0105? - AV Equipment &amp; Solutions | Resources","robots":{"index":"index","follow":"follow","max-snippet":"max-snippet:-1","max-image-preview":"max-image-preview:large","max-video-preview":"max-video-preview:-1"},"canonical":"https:\/\/ital.in\/blog\/metamorfozy-w-polska-press-jak-sposrod-dorota-kania\/","og_locale":"en_US","og_type":"article","og_title":"Metamorfozy w Polska Press Jak spo\u015br\u00f3d Dorot\u0105 Kani\u0105? - AV Equipment &amp; Solutions | Resources","og_description":"Po publikacjach w zakresie dziennikarstwa \u015bledczego podj\u0119\u0142a metr\u00f3w.in. Przej\u0119ta ostatnio za po\u015brednictwem PKN Orlen Nasz kraj Press Ekipa zrobi\u0142a modyfikacje pod \u015brodkowym stanowisku w przedsi\u0119biorstwie. Dorota Kania zosta\u0142a powo\u0142ana do zarz\u0105du Polska Press Gromada, natomiast odwo\u0142any tu jest Pawe\u0142 F\u0105fara &#8211; informuje https:\/\/fabulousbingo.org\/pl\/ tematyczny portal Press. Trafi\u0142 do zarz\u0105du przedsi\u0119biorstwa i pozosta\u0142 naczelnym wydawnictwa.Dorota Kania [&hellip;]","og_url":"https:\/\/ital.in\/blog\/metamorfozy-w-polska-press-jak-sposrod-dorota-kania\/","og_site_name":"AV Equipment &amp; Solutions | Resources","article_published_time":"2026-04-25T03:41:02+00:00","article_modified_time":"2026-04-25T03:41:04+00:00","twitter_card":"summary_large_image","twitter_misc":{"Written by":"Renjith S.S","Est. reading time":"4 minutes"},"schema":{"@context":"https:\/\/schema.org","@graph":[{"@type":"WebSite","@id":"https:\/\/ital.in\/blog\/#website","url":"https:\/\/ital.in\/blog\/","name":"AV Equipment &amp; Solutions | Resources","description":"ITAL Solutions","potentialAction":[{"@type":"SearchAction","target":{"@type":"EntryPoint","urlTemplate":"https:\/\/ital.in\/blog\/?s={search_term_string}"},"query-input":"required name=search_term_string"}],"inLanguage":"en-US"},{"@type":"WebPage","@id":"https:\/\/ital.in\/blog\/metamorfozy-w-polska-press-jak-sposrod-dorota-kania\/#webpage","url":"https:\/\/ital.in\/blog\/metamorfozy-w-polska-press-jak-sposrod-dorota-kania\/","name":"Metamorfozy w Polska Press Jak spo\u015br\u00f3d Dorot\u0105 Kani\u0105? - AV Equipment &amp; Solutions | Resources","isPartOf":{"@id":"https:\/\/ital.in\/blog\/#website"},"datePublished":"2026-04-25T03:41:02+00:00","dateModified":"2026-04-25T03:41:04+00:00","author":{"@id":"https:\/\/ital.in\/blog\/#\/schema\/person\/cd1a6f15b97053137eaa9eea5afadfe1"},"breadcrumb":{"@id":"https:\/\/ital.in\/blog\/metamorfozy-w-polska-press-jak-sposrod-dorota-kania\/#breadcrumb"},"inLanguage":"en-US","potentialAction":[{"@type":"ReadAction","target":["https:\/\/ital.in\/blog\/metamorfozy-w-polska-press-jak-sposrod-dorota-kania\/"]}]},{"@type":"BreadcrumbList","@id":"https:\/\/ital.in\/blog\/metamorfozy-w-polska-press-jak-sposrod-dorota-kania\/#breadcrumb","itemListElement":[{"@type":"ListItem","position":1,"name":"Home","item":"https:\/\/ital.in\/blog\/"},{"@type":"ListItem","position":2,"name":"Metamorfozy w Polska Press Jak spo\u015br\u00f3d Dorot\u0105 Kani\u0105?"}]},{"@type":"Person","@id":"https:\/\/ital.in\/blog\/#\/schema\/person\/cd1a6f15b97053137eaa9eea5afadfe1","name":"Renjith S.S","image":{"@type":"ImageObject","@id":"https:\/\/ital.in\/blog\/#personlogo","inLanguage":"en-US","url":"https:\/\/secure.gravatar.com\/avatar\/a01b589c73a025d9164ff7231fca9a56062494a2247473da80237fbe90e7a957?s=96&d=mm&r=g","contentUrl":"https:\/\/secure.gravatar.com\/avatar\/a01b589c73a025d9164ff7231fca9a56062494a2247473da80237fbe90e7a957?s=96&d=mm&r=g","caption":"Renjith S.S"},"description":"General Manager","url":"https:\/\/ital.in\/blog\/author\/renjith\/"}]}},"_links":{"self":[{"href":"https:\/\/ital.in\/blog\/wp-json\/wp\/v2\/posts\/454477","targetHints":{"allow":["GET"]}}],"collection":[{"href":"https:\/\/ital.in\/blog\/wp-json\/wp\/v2\/posts"}],"about":[{"href":"https:\/\/ital.in\/blog\/wp-json\/wp\/v2\/types\/post"}],"author":[{"embeddable":true,"href":"https:\/\/ital.in\/blog\/wp-json\/wp\/v2\/users\/2"}],"replies":[{"embeddable":true,"href":"https:\/\/ital.in\/blog\/wp-json\/wp\/v2\/comments?post=454477"}],"version-history":[{"count":1,"href":"https:\/\/ital.in\/blog\/wp-json\/wp\/v2\/posts\/454477\/revisions"}],"predecessor-version":[{"id":454478,"href":"https:\/\/ital.in\/blog\/wp-json\/wp\/v2\/posts\/454477\/revisions\/454478"}],"wp:attachment":[{"href":"https:\/\/ital.in\/blog\/wp-json\/wp\/v2\/media?parent=454477"}],"wp:term":[{"taxonomy":"category","embeddable":true,"href":"https:\/\/ital.in\/blog\/wp-json\/wp\/v2\/categories?post=454477"},{"taxonomy":"post_tag","embeddable":true,"href":"https:\/\/ital.in\/blog\/wp-json\/wp\/v2\/tags?post=454477"}],"curies":[{"name":"wp","href":"https:\/\/api.w.org\/{rel}","templated":true}]}}